{"id":1282,"date":"2023-10-21T16:41:34","date_gmt":"2023-10-21T19:41:34","guid":{"rendered":"http:\/\/ligageneticaufg.lvl5.com.br\/?p=1282"},"modified":"2023-10-21T16:50:26","modified_gmt":"2023-10-21T19:50:26","slug":"1-circuito-de-palestras-jornada-multidisciplinar-sobre-o-cancer","status":"publish","type":"post","link":"http:\/\/ligageneticaufg.lvl5.com.br\/index.php\/2023\/10\/21\/1-circuito-de-palestras-jornada-multidisciplinar-sobre-o-cancer\/","title":{"rendered":"1\u00b0 circuito de palestras: Jornada multidisciplinar sobre o c\u00e2ncer"},"content":{"rendered":"[et_pb_section fb_built=&#8221;1&#8243; admin_label=&#8221;section&#8221; _builder_version=&#8221;3.22&#8243;][et_pb_row column_structure=&#8221;1_2,1_2&#8243; admin_label=&#8221;row&#8221; _builder_version=&#8221;3.25&#8243; background_size=&#8221;initial&#8221; background_position=&#8221;top_left&#8221; background_repeat=&#8221;repeat&#8221;][et_pb_column type=&#8221;1_2&#8243; _builder_version=&#8221;4.9.4&#8243; _module_preset=&#8221;default&#8221;][et_pb_text admin_label=&#8221;Text&#8221; _builder_version=&#8221;3.27.4&#8243; background_size=&#8221;initial&#8221; background_position=&#8221;top_left&#8221; background_repeat=&#8221;repeat&#8221; custom_margin=&#8221;-337px|-182px||-103px||&#8221; custom_padding=&#8221;153px|||||&#8221; min_height=&#8221;345.7px&#8221;]\n<p>As ligas acad\u00eamicas do<strong> ICB\/UFG<\/strong> e <strong>PUC <\/strong>&#8211; Goi\u00e1s se juntaram para proporcionar para voc\u00eas um circuito de palestras riqu\u00edssimas sobre um tema muito importante, o c\u00e2ncer.<\/p>\n\n\n\n<p>Aproveite essa oportunidade para se aprofundar e entender como a Biologia Molecular e a Gen\u00e9tica est\u00e3o ligadas a essa doen\u00e7a.<\/p>\n\n\n\n<p>Investimento: <strong>R$ 5<\/strong><\/p>\n\n\n\n<p>Data: de <strong>22\/11\/2023<\/strong> a <strong>24\/11\/2023<\/strong><\/p>\n\n\n\n<p>Hor\u00e1rio: <strong>13h<\/strong> \u00e0s <strong>17h<\/strong><\/p>\n\n\n\n<p>Local: Audit\u00f3rio do instituto de<strong> Ci\u00eancias Biol\u00f3gicas 1, ICB1\/UFG, Campus samambaia<\/strong>.<\/p>\n\n\n\n<div class=\"wp-block-buttons is-content-justification-center\">\n<div class=\"wp-block-button has-custom-width wp-block-button__width-25 is-style-fill\"><a class=\"wp-block-button__link has-white-color has-luminous-vivid-orange-background-color has-text-color has-background no-border-radius\" href=\"https:\/\/www.even3.com.br\/1-circuito-de-palestras-jornada-multidisciplinar-sobre-o-cancer-405069\/\" target=\"_blank\" rel=\"noreferrer noopener\">INSCREVE-SA AQUI<\/a><\/div>\n<\/div>\n\n\n\n<p><\/p>\n[\/et_pb_text][\/et_pb_column][et_pb_column type=&#8221;1_2&#8243; _builder_version=&#8221;3.25&#8243; custom_padding=&#8221;|||&#8221; custom_padding__hover=&#8221;|||&#8221;][\/et_pb_column][\/et_pb_row][\/et_pb_section]","protected":false},"excerpt":{"rendered":"<p>[et_pb_section fb_built=&#8221;1&#8243; admin_label=&#8221;section&#8221; _builder_version=&#8221;3.22&#8243;][et_pb_row column_structure=&#8221;1_2,1_2&#8243; admin_label=&#8221;row&#8221; _builder_version=&#8221;3.25&#8243; background_size=&#8221;initial&#8221; background_position=&#8221;top_left&#8221; background_repeat=&#8221;repeat&#8221;][et_pb_column type=&#8221;1_2&#8243; _builder_version=&#8221;4.9.4&#8243; _module_preset=&#8221;default&#8221;][et_pb_text admin_label=&#8221;Text&#8221; _builder_version=&#8221;3.27.4&#8243; background_size=&#8221;initial&#8221; background_position=&#8221;top_left&#8221; background_repeat=&#8221;repeat&#8221; custom_margin=&#8221;-337px|-182px||-103px||&#8221; custom_padding=&#8221;153px|||||&#8221; min_height=&#8221;345.7px&#8221;] As ligas acad\u00eamicas do ICB\/UFG e PUC &#8211; Goi\u00e1s se juntaram para proporcionar para voc\u00eas um circuito de palestras riqu\u00edssimas sobre um tema muito importante, o c\u00e2ncer. Aproveite essa oportunidade para se aprofundar e [&hellip;]<\/p>\n","protected":false},"author":1,"featured_media":1283,"comment_status":"open","ping_status":"open","sticky":true,"template":"","format":"standard","meta":{"_et_pb_use_builder":"on","_et_pb_old_content":"<!-- wp:paragraph -->\n<p>As ligas acad\u00eamicas do<strong> ICB\/UFG<\/strong> e <strong>PUC <\/strong>- Goi\u00e1s se juntaram para proporcionar para voc\u00eas um circuito de palestras riqu\u00edssimas sobre um tema muito importante, o c\u00e2ncer.<\/p>\n<!-- \/wp:paragraph -->\n\n<!-- wp:paragraph -->\n<p>Aproveite essa oportunidade para se aprofundar e entender como a Biologia Molecular e a Gen\u00e9tica est\u00e3o ligadas a essa doen\u00e7a.<\/p>\n<!-- \/wp:paragraph -->\n\n<!-- wp:paragraph -->\n<p>Investimento: <strong>R$ 5<\/strong><\/p>\n<!-- \/wp:paragraph -->\n\n<!-- wp:paragraph -->\n<p>Data: de <strong>22\/11\/2023<\/strong> a <strong>24\/11\/2023<\/strong><\/p>\n<!-- \/wp:paragraph -->\n\n<!-- wp:paragraph -->\n<p>Hor\u00e1rio: <strong>13h<\/strong> \u00e0s <strong>17h<\/strong><\/p>\n<!-- \/wp:paragraph -->\n\n<!-- wp:paragraph -->\n<p>Local: Audit\u00f3rio do instituto de<strong> Ci\u00eancias Biol\u00f3gicas 1, ICB1\/UFG, Campus samambaia<\/strong>.<\/p>\n<!-- \/wp:paragraph -->\n\n<!-- wp:buttons {\"contentJustification\":\"center\"} -->\n<div class=\"wp-block-buttons is-content-justification-center\"><!-- wp:button {\"borderRadius\":0,\"backgroundColor\":\"luminous-vivid-orange\",\"textColor\":\"white\",\"width\":25,\"className\":\"is-style-fill\"} -->\n<div class=\"wp-block-button has-custom-width wp-block-button__width-25 is-style-fill\"><a class=\"wp-block-button__link has-white-color has-luminous-vivid-orange-background-color has-text-color has-background no-border-radius\" href=\"https:\/\/www.even3.com.br\/1-circuito-de-palestras-jornada-multidisciplinar-sobre-o-cancer-405069\/\" target=\"_blank\" rel=\"noreferrer noopener\">INSCREVE-SA AQUI<\/a><\/div>\n<!-- \/wp:button --><\/div>\n<!-- \/wp:buttons -->\n\n<!-- wp:paragraph -->\n<p><\/p>\n<!-- \/wp:paragraph -->","_et_gb_content_width":""},"categories":[11],"tags":[],"_links":{"self":[{"href":"http:\/\/ligageneticaufg.lvl5.com.br\/index.php\/wp-json\/wp\/v2\/posts\/1282"}],"collection":[{"href":"http:\/\/ligageneticaufg.lvl5.com.br\/index.php\/wp-json\/wp\/v2\/posts"}],"about":[{"href":"http:\/\/ligageneticaufg.lvl5.com.br\/index.php\/wp-json\/wp\/v2\/types\/post"}],"author":[{"embeddable":true,"href":"http:\/\/ligageneticaufg.lvl5.com.br\/index.php\/wp-json\/wp\/v2\/users\/1"}],"replies":[{"embeddable":true,"href":"http:\/\/ligageneticaufg.lvl5.com.br\/index.php\/wp-json\/wp\/v2\/comments?post=1282"}],"version-history":[{"count":9,"href":"http:\/\/ligageneticaufg.lvl5.com.br\/index.php\/wp-json\/wp\/v2\/posts\/1282\/revisions"}],"predecessor-version":[{"id":1297,"href":"http:\/\/ligageneticaufg.lvl5.com.br\/index.php\/wp-json\/wp\/v2\/posts\/1282\/revisions\/1297"}],"wp:featuredmedia":[{"embeddable":true,"href":"http:\/\/ligageneticaufg.lvl5.com.br\/index.php\/wp-json\/wp\/v2\/media\/1283"}],"wp:attachment":[{"href":"http:\/\/ligageneticaufg.lvl5.com.br\/index.php\/wp-json\/wp\/v2\/media?parent=1282"}],"wp:term":[{"taxonomy":"category","embeddable":true,"href":"http:\/\/ligageneticaufg.lvl5.com.br\/index.php\/wp-json\/wp\/v2\/categories?post=1282"},{"taxonomy":"post_tag","embeddable":true,"href":"http:\/\/ligageneticaufg.lvl5.com.br\/index.php\/wp-json\/wp\/v2\/tags?post=1282"}],"curies":[{"name":"wp","href":"https:\/\/api.w.org\/{rel}","templated":true}]}}